{"id":2296,"date":"2025-01-06T13:55:18","date_gmt":"2025-01-06T12:55:18","guid":{"rendered":"https:\/\/vedas-endurance.fr\/?p=2296"},"modified":"2025-01-06T13:55:18","modified_gmt":"2025-01-06T12:55:18","slug":"et-cest-reparti","status":"publish","type":"post","link":"https:\/\/vedas-endurance.fr\/index.php\/2025\/01\/06\/et-cest-reparti\/","title":{"rendered":"Et c&rsquo;est reparti..!"},"content":{"rendered":"\n<p><\/p>\n\n\n\n<p>C\u2019est le d\u00e9but de l\u2019ann\u00e9e, on se remet doucement des \u00e9carts faits ces derni\u00e8res semaines.<\/p>\n\n\n\n<p>Finies les coupes de champagne et les tartines de foies gras, maintenant les discussions sont tourn\u00e9es vers 2025&nbsp;et on entend d\u00e9j\u00e0 poindre un 100km autour du vigan\u2026.<\/p>\n\n\n\n<p>Il semblerait que quelques dossards v\u00e9dasien&nbsp;soient&nbsp;\u00e9galement de la partie autour du mont blanc vers la fin du mois d&rsquo;aout \u2026. Ca d\u00e9marre fort !!!<\/p>\n\n\n\n<p>De toutes fa\u00e7ons, quel que soit votre d\u00e9fi en cette nouvelle ann\u00e9e, de 5km \u00e0 160 km,&nbsp;on vous souhaite de belles r\u00e9ussites et de belles pr\u00e9parations avec nos super coachs les mardis et jeudi, ainsi que de fructueuses sorties les Week End&nbsp;!<\/p>\n\n\n\n<p>Alors \u00e0 tous&nbsp;nous vous souhaitons du fond du c\u0153ur une tr\u00e8s tr\u00e8s belle ann\u00e9e sportive 2025.<\/p>\n\n\n\n<p>Cot\u00e9 course justement, elle continue \u00e0 accumuler des kilom\u00e8tres et de l\u2019exp\u00e9rience&nbsp;; Mireille tra\u00eene ses baskets du cot\u00e9&nbsp;de l&rsquo;Italie pour le Forte Sea Front, 4 marathons sur 4 jours dans la ville de Forte dei Marmi, rien que \u00e7a ! Mireille continue donc de nous faire r\u00eaver avec ces d\u00e9fis extr\u00eames, un grand bravo \u00e0&nbsp;elle !!!<\/p>\n\n\n\n<p>Pour nos traileurs en pr\u00e9paration du 100km du Vigan, ce week-end c\u2019\u00e9tait sortie trail + sortie v\u00e9lo accompagn\u00e9e de D+ en r\u00e9cup course \u00e0 pied + une jolie sortie Gardiole ce dimanche pour finir le 1<sup>er<\/sup> bloc de l\u2019ann\u00e9e.<\/p>\n\n\n\n<p>Pr\u00e9pa aussi pour les semi marathoniens entrain\u00e9s de main de ma\u00eetre par Jean Pierre sur un parcours de&nbsp;plus de 15km du cot\u00e9 de lattes. Un petit vent frais en ce dimanche matin, mais de super paysages et une super ambiance pour cette tr\u00e8s belle premi\u00e8re sortie de l\u2019ann\u00e9e, Marrakech approche !<\/p>\n\n\n\n<p>Encore une fois, bonne ann\u00e9e \u00e0 vous tous et quels que soient vos objectifs, vos d\u00e9fis, ou votre simple envie de partager, on va assur\u00e9ment passer une tr\u00e8s tr\u00e8s belle ann\u00e9e tous ensemble.<\/p>\n\n\n\n<p>Forza vedas<\/p>\n\n\n\n<p>Sortie Trail &#8211; <\/p>\n\n\n\n<figure class=\"wp-block-image size-full\"><img loading=\"lazy\" decoding=\"async\" width=\"706\" height=\"984\" src=\"https:\/\/vedas-endurance.fr\/wp-content\/uploads\/2025\/01\/Screenshot_20250105_133232_Strava.jpg\" alt=\"\" class=\"wp-image-2297\" srcset=\"https:\/\/vedas-endurance.fr\/wp-content\/uploads\/2025\/01\/Screenshot_20250105_133232_Strava.jpg 706w, https:\/\/vedas-endurance.fr\/wp-content\/uploads\/2025\/01\/Screenshot_20250105_133232_Strava-215x300.jpg 215w\" sizes=\"auto, (max-width: 706px) 100vw, 706px\" \/><\/figure>\n\n\n\n<figure class=\"wp-block-image size-large\"><img loading=\"lazy\" decoding=\"async\" width=\"635\" height=\"1024\" src=\"https:\/\/vedas-endurance.fr\/wp-content\/uploads\/2025\/01\/Screenshot_20250105_133253_Strava-635x1024.jpg\" alt=\"\" class=\"wp-image-2298\" srcset=\"https:\/\/vedas-endurance.fr\/wp-content\/uploads\/2025\/01\/Screenshot_20250105_133253_Strava-635x1024.jpg 635w, https:\/\/vedas-endurance.fr\/wp-content\/uploads\/2025\/01\/Screenshot_20250105_133253_Strava-186x300.jpg 186w, https:\/\/vedas-endurance.fr\/wp-content\/uploads\/2025\/01\/Screenshot_20250105_133253_Strava-670x1080.jpg 670w, https:\/\/vedas-endurance.fr\/wp-content\/uploads\/2025\/01\/Screenshot_20250105_133253_Strava.jpg 695w\" sizes=\"auto, (max-width: 635px) 100vw, 635px\" \/><\/figure>\n\n\n\n<p>Sortie Pr\u00e9pa Semi Marathon &#8211; Merci Jean Pierre. <\/p>\n\n\n\n<figure class=\"wp-block-image size-full\"><img loading=\"lazy\" decoding=\"async\" width=\"683\" height=\"524\" src=\"https:\/\/vedas-endurance.fr\/wp-content\/uploads\/2025\/01\/Screenshot_20250105_170650_Strava.jpg\" alt=\"\" class=\"wp-image-2299\" srcset=\"https:\/\/vedas-endurance.fr\/wp-content\/uploads\/2025\/01\/Screenshot_20250105_170650_Strava.jpg 683w, https:\/\/vedas-endurance.fr\/wp-content\/uploads\/2025\/01\/Screenshot_20250105_170650_Strava-300x230.jpg 300w\" sizes=\"auto, (max-width: 683px) 100vw, 683px\" \/><\/figure>\n\n\n\n<p><\/p>\n\n\n\n<figure class=\"wp-block-image size-full\"><img loading=\"lazy\" decoding=\"async\" width=\"689\" height=\"542\" src=\"https:\/\/vedas-endurance.fr\/wp-content\/uploads\/2025\/01\/Screenshot_20250105_170714_Strava.jpg\" alt=\"\" class=\"wp-image-2300\" srcset=\"https:\/\/vedas-endurance.fr\/wp-content\/uploads\/2025\/01\/Screenshot_20250105_170714_Strava.jpg 689w, https:\/\/vedas-endurance.fr\/wp-content\/uploads\/2025\/01\/Screenshot_20250105_170714_Strava-300x236.jpg 300w\" sizes=\"auto, (max-width: 689px) 100vw, 689px\" \/><\/figure>\n\n\n\n<figure class=\"wp-block-gallery has-nested-images columns-default is-cropped wp-block-gallery-1 is-layout-flex wp-block-gallery-is-layout-flex\">\n<figure class=\"wp-block-image size-large\"><img loading=\"lazy\" decoding=\"async\" width=\"680\" height=\"535\" data-id=\"2302\" src=\"https:\/\/vedas-endurance.fr\/wp-content\/uploads\/2025\/01\/Screenshot_20250105_214449_Spond.jpg\" alt=\"\" class=\"wp-image-2302\" srcset=\"https:\/\/vedas-endurance.fr\/wp-content\/uploads\/2025\/01\/Screenshot_20250105_214449_Spond.jpg 680w, https:\/\/vedas-endurance.fr\/wp-content\/uploads\/2025\/01\/Screenshot_20250105_214449_Spond-300x236.jpg 300w\" sizes=\"auto, (max-width: 680px) 100vw, 680px\" \/><\/figure>\n\n\n\n<figure class=\"wp-block-image size-large\"><img loading=\"lazy\" decoding=\"async\" width=\"682\" height=\"965\" data-id=\"2306\" src=\"https:\/\/vedas-endurance.fr\/wp-content\/uploads\/2025\/01\/Screenshot_20250105_214515_Spond.jpg\" alt=\"\" class=\"wp-image-2306\" srcset=\"https:\/\/vedas-endurance.fr\/wp-content\/uploads\/2025\/01\/Screenshot_20250105_214515_Spond.jpg 682w, https:\/\/vedas-endurance.fr\/wp-content\/uploads\/2025\/01\/Screenshot_20250105_214515_Spond-212x300.jpg 212w\" sizes=\"auto, (max-width: 682px) 100vw, 682px\" \/><\/figure>\n\n\n\n<figure class=\"wp-block-image size-large\"><img loading=\"lazy\" decoding=\"async\" width=\"719\" height=\"513\" data-id=\"2301\" src=\"https:\/\/vedas-endurance.fr\/wp-content\/uploads\/2025\/01\/Screenshot_20250105_214551_Spond.jpg\" alt=\"\" class=\"wp-image-2301\" srcset=\"https:\/\/vedas-endurance.fr\/wp-content\/uploads\/2025\/01\/Screenshot_20250105_214551_Spond.jpg 719w, https:\/\/vedas-endurance.fr\/wp-content\/uploads\/2025\/01\/Screenshot_20250105_214551_Spond-300x214.jpg 300w\" sizes=\"auto, (max-width: 719px) 100vw, 719px\" \/><\/figure>\n\n\n\n<figure class=\"wp-block-image size-large\"><img loading=\"lazy\" decoding=\"async\" width=\"720\" height=\"513\" data-id=\"2304\" src=\"https:\/\/vedas-endurance.fr\/wp-content\/uploads\/2025\/01\/Screenshot_20250105_214625_Spond.jpg\" alt=\"\" class=\"wp-image-2304\" srcset=\"https:\/\/vedas-endurance.fr\/wp-content\/uploads\/2025\/01\/Screenshot_20250105_214625_Spond.jpg 720w, https:\/\/vedas-endurance.fr\/wp-content\/uploads\/2025\/01\/Screenshot_20250105_214625_Spond-300x214.jpg 300w\" sizes=\"auto, (max-width: 720px) 100vw, 720px\" \/><\/figure>\n\n\n\n<figure class=\"wp-block-image size-large\"><img loading=\"lazy\" decoding=\"async\" width=\"701\" height=\"522\" data-id=\"2303\" src=\"https:\/\/vedas-endurance.fr\/wp-content\/uploads\/2025\/01\/Screenshot_20250105_214648_Spond.jpg\" alt=\"\" class=\"wp-image-2303\" srcset=\"https:\/\/vedas-endurance.fr\/wp-content\/uploads\/2025\/01\/Screenshot_20250105_214648_Spond.jpg 701w, https:\/\/vedas-endurance.fr\/wp-content\/uploads\/2025\/01\/Screenshot_20250105_214648_Spond-300x223.jpg 300w\" sizes=\"auto, (max-width: 701px) 100vw, 701px\" \/><\/figure>\n\n\n\n<figure class=\"wp-block-image size-large\"><img loading=\"lazy\" decoding=\"async\" width=\"691\" height=\"539\" data-id=\"2305\" src=\"https:\/\/vedas-endurance.fr\/wp-content\/uploads\/2025\/01\/Screenshot_20250105_214709_Spond.jpg\" alt=\"\" class=\"wp-image-2305\" srcset=\"https:\/\/vedas-endurance.fr\/wp-content\/uploads\/2025\/01\/Screenshot_20250105_214709_Spond.jpg 691w, https:\/\/vedas-endurance.fr\/wp-content\/uploads\/2025\/01\/Screenshot_20250105_214709_Spond-300x234.jpg 300w\" sizes=\"auto, (max-width: 691px) 100vw, 691px\" \/><\/figure>\n<\/figure>\n","protected":false},"excerpt":{"rendered":"<p>C\u2019est le d\u00e9but de l\u2019ann\u00e9e, on se remet doucement des \u00e9carts faits ces derni\u00e8res semaines. Finies les coupes de champagne et les tartines de foies gras, maintenant les discussions sont tourn\u00e9es vers 2025&nbsp;et on entend d\u00e9j\u00e0 poindre un 100km autour du vigan\u2026. Il semblerait que quelques dossards v\u00e9dasien&nbsp;soient&nbsp;\u00e9galement de la partie autour du mont blanc&nbsp;&hellip;<\/p>\n","protected":false},"author":2,"featured_media":2299,"comment_status":"closed","ping_status":"closed","sticky":false,"template":"","format":"standard","meta":{"footnotes":""},"categories":[1],"tags":[],"class_list":["post-2296","post","type-post","status-publish","format-standard","has-post-thumbnail","hentry","category-non-classe"],"_links":{"self":[{"href":"https:\/\/vedas-endurance.fr\/index.php\/wp-json\/wp\/v2\/posts\/2296","targetHints":{"allow":["GET"]}}],"collection":[{"href":"https:\/\/vedas-endurance.fr\/index.php\/wp-json\/wp\/v2\/posts"}],"about":[{"href":"https:\/\/vedas-endurance.fr\/index.php\/wp-json\/wp\/v2\/types\/post"}],"author":[{"embeddable":true,"href":"https:\/\/vedas-endurance.fr\/index.php\/wp-json\/wp\/v2\/users\/2"}],"replies":[{"embeddable":true,"href":"https:\/\/vedas-endurance.fr\/index.php\/wp-json\/wp\/v2\/comments?post=2296"}],"version-history":[{"count":1,"href":"https:\/\/vedas-endurance.fr\/index.php\/wp-json\/wp\/v2\/posts\/2296\/revisions"}],"predecessor-version":[{"id":2307,"href":"https:\/\/vedas-endurance.fr\/index.php\/wp-json\/wp\/v2\/posts\/2296\/revisions\/2307"}],"wp:featuredmedia":[{"embeddable":true,"href":"https:\/\/vedas-endurance.fr\/index.php\/wp-json\/wp\/v2\/media\/2299"}],"wp:attachment":[{"href":"https:\/\/vedas-endurance.fr\/index.php\/wp-json\/wp\/v2\/media?parent=2296"}],"wp:term":[{"taxonomy":"category","embeddable":true,"href":"https:\/\/vedas-endurance.fr\/index.php\/wp-json\/wp\/v2\/categories?post=2296"},{"taxonomy":"post_tag","embeddable":true,"href":"https:\/\/vedas-endurance.fr\/index.php\/wp-json\/wp\/v2\/tags?post=2296"}],"curies":[{"name":"wp","href":"https:\/\/api.w.org\/{rel}","templated":true}]}}