{"id":2453,"date":"2025-03-10T10:55:45","date_gmt":"2025-03-10T09:55:45","guid":{"rendered":"https:\/\/vedas-endurance.fr\/?p=2453"},"modified":"2025-03-10T10:55:45","modified_gmt":"2025-03-10T09:55:45","slug":"entre-les-gouttes","status":"publish","type":"post","link":"https:\/\/vedas-endurance.fr\/index.php\/2025\/03\/10\/entre-les-gouttes\/","title":{"rendered":"Entre\u00a0les gouttes\u2026"},"content":{"rendered":"\n<p><\/p>\n\n\n\n<p>Et encore un beau podium, humide certes, mais un beau podium de plus! Il n\u2019 est pas en sucre notre Guy et il l\u2019a encore prouv\u00e9 ce dimanche sur le 7km du trail de Vailhauqu\u00e8s o\u00f9 il finit 2\u00e9me de&nbsp;sa cat\u00e9gorie. Bravo d&rsquo;avoir brav\u00e9 les conditions climatiques et su se d\u00e9passer sur ce beau parcours, 58mn d&rsquo;efforts pour une belle performance et un nouveau troph\u00e9e \u00e0 ajouter dans une armoire d\u00e9j\u00e0 bien remplie.<\/p>\n\n\n\n<p>Ils \u00e9taient 4 courageux \u00e0 arborer les couleurs de V\u00e9das Endurance sur le 15km, bravo \u00e0&nbsp;eux tous,&nbsp;ils n&rsquo;ont rien l\u00e2ch\u00e9. L\u00e0 aussi, \u00e0 noter une belle deuxi\u00e8me place pour Eric dans sa cat\u00e9gorie&nbsp;avec un tr\u00e8s beau chrono de 1h 24. Les autres participants n&rsquo;ont pas d\u00e9m\u00e9rit\u00e9, avec des temps de 1h34 pour David, suivi de pr\u00e9s par Lou en 1h37, tandis que St\u00e9phane en termine en 1H46. Maintenant il n\u2019y a plus qu\u2019\u00e0 bien laver les chaussures&nbsp;avant de repartir vers de nouvelles aventures!!!!<\/p>\n\n\n\n<p>Ils ont pr\u00e9f\u00e9r\u00e9 se la jouer \u00ab\u00a0prudent\u00a0\u00bb avec ce week-end \u00e0 tendance c\u00e9venole, et C\u00e9dric a propos\u00e9 une premi\u00e8re reco du parcours de la Pistole Authentique (16kms) d\u00e8s vendredi apr\u00e8s-midi. Ils \u00e9taient finalement une belle poign\u00e9e de coureurs \u00e0 le suivre sur les chemins escarp\u00e9s et sinueux de ce trac\u00e9&nbsp;; une belle balade qui, en plus d\u2019aligner les km, a permis&nbsp;de constater que l\u2019\u00e9tat du parcours&nbsp;allait n\u00e9cessiter un beau nettoyage de printemps afin que tout soit pr\u00eat pour le St Jean de V\u00e9das Trail qui arrive \u00e0 grand pas.<\/p>\n\n\n\n<p>Autre sortie propos\u00e9e samedi par le duo Florence et Sylvie&nbsp;; d\u00e9part de Vic la Gardiole pour un 15km nature et&nbsp;tranquille pour les participantes, avec un marathon de Rome qui se profile \u00e0 l&rsquo;horizon\u2026. On en reparlera tr\u00e8s prochainement!<\/p>\n\n\n\n<p>La semaine qui vient s\u2019annonce \u00e0 nouveau pluvieuse, mais comme Guy, on n&rsquo;est pas en sucre.<\/p>\n\n\n\n<p>Alors \u00e0 vos baskets et \u00e9clatez vous bien!<\/p>\n\n\n\n<p>Forza V\u00e9das<\/p>\n\n\n\n<p>Sortie sur les traces de la Pistole Volante &#8211; merci C\u00e9dric. <\/p>\n\n\n\n<figure class=\"wp-block-image size-full\"><img loading=\"lazy\" decoding=\"async\" width=\"694\" height=\"883\" src=\"https:\/\/vedas-endurance.fr\/wp-content\/uploads\/2025\/03\/Screenshot_20250307_174522_WhatsApp.jpg\" alt=\"\" class=\"wp-image-2454\" srcset=\"https:\/\/vedas-endurance.fr\/wp-content\/uploads\/2025\/03\/Screenshot_20250307_174522_WhatsApp.jpg 694w, https:\/\/vedas-endurance.fr\/wp-content\/uploads\/2025\/03\/Screenshot_20250307_174522_WhatsApp-236x300.jpg 236w\" sizes=\"auto, (max-width: 694px) 100vw, 694px\" \/><\/figure>\n\n\n\n<figure class=\"wp-block-image size-full\"><img loading=\"lazy\" decoding=\"async\" width=\"718\" height=\"960\" src=\"https:\/\/vedas-endurance.fr\/wp-content\/uploads\/2025\/03\/Screenshot_20250307_174553_WhatsApp.jpg\" alt=\"\" class=\"wp-image-2455\" srcset=\"https:\/\/vedas-endurance.fr\/wp-content\/uploads\/2025\/03\/Screenshot_20250307_174553_WhatsApp.jpg 718w, https:\/\/vedas-endurance.fr\/wp-content\/uploads\/2025\/03\/Screenshot_20250307_174553_WhatsApp-224x300.jpg 224w\" sizes=\"auto, (max-width: 718px) 100vw, 718px\" \/><\/figure>\n\n\n\n<figure class=\"wp-block-image size-full\"><img loading=\"lazy\" decoding=\"async\" width=\"719\" height=\"884\" src=\"https:\/\/vedas-endurance.fr\/wp-content\/uploads\/2025\/03\/Screenshot_20250307_174609_WhatsApp.jpg\" alt=\"\" class=\"wp-image-2456\" srcset=\"https:\/\/vedas-endurance.fr\/wp-content\/uploads\/2025\/03\/Screenshot_20250307_174609_WhatsApp.jpg 719w, https:\/\/vedas-endurance.fr\/wp-content\/uploads\/2025\/03\/Screenshot_20250307_174609_WhatsApp-244x300.jpg 244w\" sizes=\"auto, (max-width: 719px) 100vw, 719px\" \/><\/figure>\n\n\n\n<figure class=\"wp-block-image size-full\"><img loading=\"lazy\" decoding=\"async\" width=\"718\" height=\"467\" src=\"https:\/\/vedas-endurance.fr\/wp-content\/uploads\/2025\/03\/Screenshot_20250307_174538_WhatsApp.jpg\" alt=\"\" class=\"wp-image-2457\" srcset=\"https:\/\/vedas-endurance.fr\/wp-content\/uploads\/2025\/03\/Screenshot_20250307_174538_WhatsApp.jpg 718w, https:\/\/vedas-endurance.fr\/wp-content\/uploads\/2025\/03\/Screenshot_20250307_174538_WhatsApp-300x195.jpg 300w\" sizes=\"auto, (max-width: 718px) 100vw, 718px\" \/><\/figure>\n\n\n\n<figure class=\"wp-block-image size-full\"><img loading=\"lazy\" decoding=\"async\" width=\"718\" height=\"826\" src=\"https:\/\/vedas-endurance.fr\/wp-content\/uploads\/2025\/03\/Screenshot_20250307_174629_WhatsApp.jpg\" alt=\"\" class=\"wp-image-2459\" srcset=\"https:\/\/vedas-endurance.fr\/wp-content\/uploads\/2025\/03\/Screenshot_20250307_174629_WhatsApp.jpg 718w, https:\/\/vedas-endurance.fr\/wp-content\/uploads\/2025\/03\/Screenshot_20250307_174629_WhatsApp-261x300.jpg 261w\" sizes=\"auto, (max-width: 718px) 100vw, 718px\" \/><\/figure>\n\n\n\n<figure class=\"wp-block-image size-full\"><img loading=\"lazy\" decoding=\"async\" width=\"718\" height=\"962\" src=\"https:\/\/vedas-endurance.fr\/wp-content\/uploads\/2025\/03\/Screenshot_20250307_174642_WhatsApp.jpg\" alt=\"\" class=\"wp-image-2460\" srcset=\"https:\/\/vedas-endurance.fr\/wp-content\/uploads\/2025\/03\/Screenshot_20250307_174642_WhatsApp.jpg 718w, https:\/\/vedas-endurance.fr\/wp-content\/uploads\/2025\/03\/Screenshot_20250307_174642_WhatsApp-224x300.jpg 224w\" sizes=\"auto, (max-width: 718px) 100vw, 718px\" \/><\/figure>\n\n\n\n<p>Sortie Vic La Gardiole <\/p>\n\n\n\n<figure class=\"wp-block-image size-full\"><img loading=\"lazy\" decoding=\"async\" width=\"718\" height=\"539\" src=\"https:\/\/vedas-endurance.fr\/wp-content\/uploads\/2025\/03\/Screenshot_20250308_113556_Spond.jpg\" alt=\"\" class=\"wp-image-2461\" srcset=\"https:\/\/vedas-endurance.fr\/wp-content\/uploads\/2025\/03\/Screenshot_20250308_113556_Spond.jpg 718w, https:\/\/vedas-endurance.fr\/wp-content\/uploads\/2025\/03\/Screenshot_20250308_113556_Spond-300x225.jpg 300w\" sizes=\"auto, (max-width: 718px) 100vw, 718px\" \/><\/figure>\n","protected":false},"excerpt":{"rendered":"<p>Et encore un beau podium, humide certes, mais un beau podium de plus! Il n\u2019 est pas en sucre notre Guy et il l\u2019a encore prouv\u00e9 ce dimanche sur le 7km du trail de Vailhauqu\u00e8s o\u00f9 il finit 2\u00e9me de&nbsp;sa cat\u00e9gorie. Bravo d&rsquo;avoir brav\u00e9 les conditions climatiques et su se d\u00e9passer sur ce beau parcours,&nbsp;&hellip;<\/p>\n","protected":false},"author":2,"featured_media":2457,"comment_status":"closed","ping_status":"closed","sticky":false,"template":"","format":"standard","meta":{"footnotes":""},"categories":[1],"tags":[],"class_list":["post-2453","post","type-post","status-publish","format-standard","has-post-thumbnail","hentry","category-non-classe"],"_links":{"self":[{"href":"https:\/\/vedas-endurance.fr\/index.php\/wp-json\/wp\/v2\/posts\/2453","targetHints":{"allow":["GET"]}}],"collection":[{"href":"https:\/\/vedas-endurance.fr\/index.php\/wp-json\/wp\/v2\/posts"}],"about":[{"href":"https:\/\/vedas-endurance.fr\/index.php\/wp-json\/wp\/v2\/types\/post"}],"author":[{"embeddable":true,"href":"https:\/\/vedas-endurance.fr\/index.php\/wp-json\/wp\/v2\/users\/2"}],"replies":[{"embeddable":true,"href":"https:\/\/vedas-endurance.fr\/index.php\/wp-json\/wp\/v2\/comments?post=2453"}],"version-history":[{"count":1,"href":"https:\/\/vedas-endurance.fr\/index.php\/wp-json\/wp\/v2\/posts\/2453\/revisions"}],"predecessor-version":[{"id":2462,"href":"https:\/\/vedas-endurance.fr\/index.php\/wp-json\/wp\/v2\/posts\/2453\/revisions\/2462"}],"wp:featuredmedia":[{"embeddable":true,"href":"https:\/\/vedas-endurance.fr\/index.php\/wp-json\/wp\/v2\/media\/2457"}],"wp:attachment":[{"href":"https:\/\/vedas-endurance.fr\/index.php\/wp-json\/wp\/v2\/media?parent=2453"}],"wp:term":[{"taxonomy":"category","embeddable":true,"href":"https:\/\/vedas-endurance.fr\/index.php\/wp-json\/wp\/v2\/categories?post=2453"},{"taxonomy":"post_tag","embeddable":true,"href":"https:\/\/vedas-endurance.fr\/index.php\/wp-json\/wp\/v2\/tags?post=2453"}],"curies":[{"name":"wp","href":"https:\/\/api.w.org\/{rel}","templated":true}]}}