{"id":2684,"date":"2025-04-30T16:13:59","date_gmt":"2025-04-30T14:13:59","guid":{"rendered":"https:\/\/vedas-endurance.fr\/?p=2684"},"modified":"2025-04-30T16:17:32","modified_gmt":"2025-04-30T14:17:32","slug":"photos-du-trail-de-saint-jean-de-vedas-2025","status":"publish","type":"post","link":"https:\/\/vedas-endurance.fr\/index.php\/2025\/04\/30\/photos-du-trail-de-saint-jean-de-vedas-2025\/","title":{"rendered":"Photos du Trail de Saint Jean de Vedas 2025"},"content":{"rendered":"\n<p>Un grand merci \u00e0 Dominique et Patrick photographes et membres du club ainsi qu\u2019\u00e0 Gr\u00e9gory Lockner photographe professionnel.<\/p>\n\n\n\n<p>Vous trouverez ci-dessous les liens\u00a0des photos prises sur nos 3 parcours lors de cette tr\u00e8s belle \u00e9dition 2025 du Saint Jean de Vedas Trail.\u00a0\u00a0<\/p>\n\n\n\n<p>*Photo Dominique \u2013 32 km :<a href=\"https:\/\/eur03.safelinks.protection.outlook.com\/?url=https%3A%2F%2Fdrive.google.com%2Fdrive%2Ffolders%2F1SyhY_4QA6Tru0kNYT9zCPIXTFwpeeg32&amp;data=05%7C02%7Cdominique1.hurault%40orange.com%7C77880e1544c640c1623008dd87f0149e%7C90c7a20af34b40bfbc48b9253b6f5d20%7C0%7C0%7C638816187401472201%7CUnknown%7CTWFpbGZsb3d8eyJFbXB0eU1hcGkiOnRydWUsIlYiOiIwLjAuMDAwMCIsIlAiOiJXaW4zMiIsIkFOIjoiTWFpbCIsIldUIjoyfQ%3D%3D%7C0%7C%7C%7C&amp;sdata=ZbFT0uwaj0WJhswRIvA5mvo1GzrS1BAyXRyJtx8rJqQ%3D&amp;reserved=0\">https:\/\/drive.google.com\/drive\/folders\/1SyhY_4QA6Tru0kNYT9zCPIXTFwpeeg32<\/a><\/p>\n\n\n\n<p><a href=\"https:\/\/drive.google.com\/drive\/folders\/1LwcXo01lg5jPdll_gXx5nSdEqUsRg0BO\">https:\/\/drive.google.com\/drive\/folders\/1LwcXo01lg5jPdll_gXx5nSdEqUsRg0BO<\/a><\/p>\n\n\n\n<p>*Photo Patrick -8km\/16km\/32km<a href=\"https:\/\/eur03.safelinks.protection.outlook.com\/?url=https%3A%2F%2Fdrive.google.com%2Fdrive%2Ffolders%2F1HJ9MWoPuv8CgtGvQsRDTY57EDcusvwaY%3Fusp%3Dsharing&amp;data=05%7C02%7Cdominique1.hurault%40orange.com%7C77880e1544c640c1623008dd87f0149e%7C90c7a20af34b40bfbc48b9253b6f5d20%7C0%7C0%7C638816187401497316%7CUnknown%7CTWFpbGZsb3d8eyJFbXB0eU1hcGkiOnRydWUsIlYiOiIwLjAuMDAwMCIsIlAiOiJXaW4zMiIsIkFOIjoiTWFpbCIsIldUIjoyfQ%3D%3D%7C0%7C%7C%7C&amp;sdata=gXDOOqql0%2FrRhpIG0O6UqDtaSAtEUQ7dS9FVVLz4Li0%3D&amp;reserved=0\">https:\/\/drive.google.com\/drive\/folders\/1HJ9MWoPuv8CgtGvQsRDTY57EDcusvwaY?usp=sharing<\/a><\/p>\n\n\n\n<p>*Photo Gr\u00e9gory ( versatileprod ) : voici la marche \u00e0 suivre pour se connecter \u00e0 la galerie photo.&nbsp;<\/p>\n\n\n\n<p>Il est important de respecter toutes les \u00e9tapes (de 1 \u00e0 5) comme indiqu\u00e9 ci-dessous pour vous connecter :<\/p>\n\n\n\n<p>Allez sur <a href=\"https:\/\/eur03.safelinks.protection.outlook.com\/?url=http%3A%2F%2Fwww.versatileprod.fr%2F&amp;data=05%7C02%7Cdominique1.hurault%40orange.com%7C77880e1544c640c1623008dd87f0149e%7C90c7a20af34b40bfbc48b9253b6f5d20%7C0%7C0%7C638816187401506255%7CUnknown%7CTWFpbGZsb3d8eyJFbXB0eU1hcGkiOnRydWUsIlYiOiIwLjAuMDAwMCIsIlAiOiJXaW4zMiIsIkFOIjoiTWFpbCIsIldUIjoyfQ%3D%3D%7C0%7C%7C%7C&amp;sdata=i74nUAY%2BfXUmCtIxX7%2BRGZRMkLkkklr3W0s4IWMb1WA%3D&amp;reserved=0\">www.versatileprod.fr<\/a><\/p>\n\n\n\n<p>Cliquez sur acc\u00e8s client<\/p>\n\n\n\n<p>Cliquez sur la galerie Trail Saint Jean de V\u00e9das<\/p>\n\n\n\n<p>Entrez une adresse mail<\/p>\n\n\n\n<p>Entrez le code 2593<\/p>\n\n\n\n<p>Les photos sont dans l&rsquo;ordre chronologique, t\u00e9l\u00e9chargeables aux formats web &amp; impression.<\/p>\n\n\n\n<p>Merci de taguer le compte Insta si vous publiez des photos @versatile_production<\/p>\n\n\n\n<p>Vous pouvez \u00e9galement visiter le site de Gr\u00e9gory : <a href=\"https:\/\/eur03.safelinks.protection.outlook.com\/?url=https%3A%2F%2Fwww.versatileprod.fr%2F&amp;data=05%7C02%7Cdominique1.hurault%40orange.com%7C77880e1544c640c1623008dd87f0149e%7C90c7a20af34b40bfbc48b9253b6f5d20%7C0%7C0%7C638816187401514979%7CUnknown%7CTWFpbGZsb3d8eyJFbXB0eU1hcGkiOnRydWUsIlYiOiIwLjAuMDAwMCIsIlAiOiJXaW4zMiIsIkFOIjoiTWFpbCIsIldUIjoyfQ%3D%3D%7C0%7C%7C%7C&amp;sdata=%2BGhb4ePl%2Fai3xUH8Bs%2FxoOPwa5BcIqYH9lu3%2BP70yE4%3D&amp;reserved=0\">Photographe professionnel<\/a><\/p>\n\n\n\n<p>Et encore merci \u00e0&nbsp;lui pour sa sympathique proposition !<\/p>\n\n\n\n<figure class=\"wp-block-image size-full\"><img loading=\"lazy\" decoding=\"async\" width=\"1024\" height=\"768\" src=\"https:\/\/vedas-endurance.fr\/wp-content\/uploads\/2025\/04\/IMG_20250427_095651885_HDR.jpg\" alt=\"\" class=\"wp-image-2685\" srcset=\"https:\/\/vedas-endurance.fr\/wp-content\/uploads\/2025\/04\/IMG_20250427_095651885_HDR.jpg 1024w, https:\/\/vedas-endurance.fr\/wp-content\/uploads\/2025\/04\/IMG_20250427_095651885_HDR-300x225.jpg 300w, https:\/\/vedas-endurance.fr\/wp-content\/uploads\/2025\/04\/IMG_20250427_095651885_HDR-768x576.jpg 768w\" sizes=\"auto, (max-width: 1024px) 100vw, 1024px\" \/><\/figure>\n","protected":false},"excerpt":{"rendered":"<p>Un grand merci \u00e0 Dominique et Patrick photographes et membres du club ainsi qu\u2019\u00e0 Gr\u00e9gory Lockner photographe professionnel. Vous trouverez ci-dessous les liens\u00a0des photos prises sur nos 3 parcours lors de cette tr\u00e8s belle \u00e9dition 2025 du Saint Jean de Vedas Trail.\u00a0\u00a0 *Photo Dominique \u2013 32 km :https:\/\/drive.google.com\/drive\/folders\/1SyhY_4QA6Tru0kNYT9zCPIXTFwpeeg32 https:\/\/drive.google.com\/drive\/folders\/1LwcXo01lg5jPdll_gXx5nSdEqUsRg0BO *Photo Patrick -8km\/16km\/32kmhttps:\/\/drive.google.com\/drive\/folders\/1HJ9MWoPuv8CgtGvQsRDTY57EDcusvwaY?usp=sharing *Photo Gr\u00e9gory (&nbsp;&hellip;<\/p>\n","protected":false},"author":2,"featured_media":2674,"comment_status":"closed","ping_status":"closed","sticky":false,"template":"","format":"standard","meta":{"footnotes":""},"categories":[1],"tags":[],"class_list":["post-2684","post","type-post","status-publish","format-standard","has-post-thumbnail","hentry","category-non-classe"],"_links":{"self":[{"href":"https:\/\/vedas-endurance.fr\/index.php\/wp-json\/wp\/v2\/posts\/2684","targetHints":{"allow":["GET"]}}],"collection":[{"href":"https:\/\/vedas-endurance.fr\/index.php\/wp-json\/wp\/v2\/posts"}],"about":[{"href":"https:\/\/vedas-endurance.fr\/index.php\/wp-json\/wp\/v2\/types\/post"}],"author":[{"embeddable":true,"href":"https:\/\/vedas-endurance.fr\/index.php\/wp-json\/wp\/v2\/users\/2"}],"replies":[{"embeddable":true,"href":"https:\/\/vedas-endurance.fr\/index.php\/wp-json\/wp\/v2\/comments?post=2684"}],"version-history":[{"count":1,"href":"https:\/\/vedas-endurance.fr\/index.php\/wp-json\/wp\/v2\/posts\/2684\/revisions"}],"predecessor-version":[{"id":2686,"href":"https:\/\/vedas-endurance.fr\/index.php\/wp-json\/wp\/v2\/posts\/2684\/revisions\/2686"}],"wp:featuredmedia":[{"embeddable":true,"href":"https:\/\/vedas-endurance.fr\/index.php\/wp-json\/wp\/v2\/media\/2674"}],"wp:attachment":[{"href":"https:\/\/vedas-endurance.fr\/index.php\/wp-json\/wp\/v2\/media?parent=2684"}],"wp:term":[{"taxonomy":"category","embeddable":true,"href":"https:\/\/vedas-endurance.fr\/index.php\/wp-json\/wp\/v2\/categories?post=2684"},{"taxonomy":"post_tag","embeddable":true,"href":"https:\/\/vedas-endurance.fr\/index.php\/wp-json\/wp\/v2\/tags?post=2684"}],"curies":[{"name":"wp","href":"https:\/\/api.w.org\/{rel}","templated":true}]}}