{"id":427,"date":"2023-02-07T22:14:47","date_gmt":"2023-02-07T21:14:47","guid":{"rendered":"https:\/\/vedas-endurance.fr\/?p=427"},"modified":"2023-02-07T22:17:50","modified_gmt":"2023-02-07T21:17:50","slug":"trail-de-mireval-2023","status":"publish","type":"post","link":"https:\/\/vedas-endurance.fr\/index.php\/2023\/02\/07\/trail-de-mireval-2023\/","title":{"rendered":"Trail de Mireval 2023"},"content":{"rendered":"\n<p>Belle participation du club au trail de Mireval, 2<sup>\u00e8me<\/sup> club le plus repr\u00e9sent\u00e9 sur le 8kms et le 29kms. Une tr\u00e8s belle 2<sup>\u00e8me<\/sup> place f\u00e9minine au scratch pour Anne-Ga\u00eblle sur le 29kms.<\/p>\n\n\n\n<p>Superbe journ\u00e9e avec une \u00e9quipe de b\u00e9n\u00e9voles au top et une organisation toujours aussi efficace.<\/p>\n\n\n\n<figure class=\"wp-block-image size-full is-style-rounded\"><img loading=\"lazy\" decoding=\"async\" width=\"774\" height=\"498\" src=\"https:\/\/vedas-endurance.fr\/wp-content\/uploads\/2023\/02\/mireval2.png\" alt=\"\" class=\"wp-image-429\" srcset=\"https:\/\/vedas-endurance.fr\/wp-content\/uploads\/2023\/02\/mireval2.png 774w, https:\/\/vedas-endurance.fr\/wp-content\/uploads\/2023\/02\/mireval2-300x193.png 300w, https:\/\/vedas-endurance.fr\/wp-content\/uploads\/2023\/02\/mireval2-768x494.png 768w\" sizes=\"auto, (max-width: 774px) 100vw, 774px\" \/><\/figure>\n\n\n\n<p>Profil de l&rsquo;\u00e9quipe VEDAS ENDURANCE &#8211; 2e place sur le 8kms.<\/p>\n\n\n\n<p>Equipier 1 :<\/p>\n\n\n\n<p>28e place &#8211; LAURENT JOUANIN &#8211; MM2 &#8211; moy : 11,6 km\/h &#8211; 00:41:17<\/p>\n\n\n\n<p>Equipier 2 :<\/p>\n\n\n\n<p>242e place &#8211; JONATHAN DACUNHA &#8211; MM1 &#8211; moy : 7,8 km\/h &#8211; 01:01:16<\/p>\n\n\n\n<p>Equipier 3 :<\/p>\n\n\n\n<p>265e place &#8211; NICOLAS ARNAL &#8211; MM4 &#8211; moy : 7,5 km\/h &#8211; 01:03:46<\/p>\n\n\n\n<p>Equipier 4 :<\/p>\n\n\n\n<p>305e place &#8211; PHILIPPE PEREZ &#8211; MM3 &#8211; moy : 6,6 km\/h &#8211; 01:12:41<\/p>\n\n\n\n<div style=\"height:1px\" aria-hidden=\"true\" class=\"wp-block-spacer\"><\/div>\n\n\n\n<p>Profil de l&rsquo;\u00e9quipe Vedas Endurance &#8211; 2e place 29km<\/p>\n\n\n\n<p>Equipier 1 :<\/p>\n\n\n\n<p>35e place &#8211; ANNE GAELLE KEROMNES &#8211; FM1 &#8211; moy : 11,0 km\/h &#8211; 02:38:52<\/p>\n\n\n\n<p>Equipier 2 :<\/p>\n\n\n\n<p>58e place &#8211; LUDOVIC B\u00c9NI\u00c8RE &#8211; MM0 &#8211; moy : 10,5 km\/h &#8211; 02:46:14<\/p>\n\n\n\n<p>Equipier 3 :<\/p>\n\n\n\n<p>126e place &#8211; NATHALIE LACAM &#8211; FM1 &#8211; moy : 8,9 km\/h &#8211; 03:15:34<\/p>\n\n\n\n<p>Equipier 4 :<\/p>\n\n\n\n<p>163e place &#8211; PIERRE LAURENT TONNON &#8211; MM5 &#8211; moy : 7,6 km\/h &#8211; 03:49:03<\/p>\n","protected":false},"excerpt":{"rendered":"<p>Belle participation du club au trail de Mireval, 2\u00e8me club le plus repr\u00e9sent\u00e9 sur le 8kms et le 29kms. Une tr\u00e8s belle 2\u00e8me place f\u00e9minine au scratch pour Anne-Ga\u00eblle sur le 29kms. Superbe journ\u00e9e avec une \u00e9quipe de b\u00e9n\u00e9voles au top et une organisation toujours aussi efficace. Profil de l&rsquo;\u00e9quipe VEDAS ENDURANCE &#8211; 2e place&nbsp;&hellip;<\/p>\n","protected":false},"author":1,"featured_media":430,"comment_status":"closed","ping_status":"closed","sticky":false,"template":"","format":"standard","meta":{"footnotes":""},"categories":[36],"tags":[39,40],"class_list":["post-427","post","type-post","status-publish","format-standard","has-post-thumbnail","hentry","category-course","tag-mireval","tag-podium"],"_links":{"self":[{"href":"https:\/\/vedas-endurance.fr\/index.php\/wp-json\/wp\/v2\/posts\/427","targetHints":{"allow":["GET"]}}],"collection":[{"href":"https:\/\/vedas-endurance.fr\/index.php\/wp-json\/wp\/v2\/posts"}],"about":[{"href":"https:\/\/vedas-endurance.fr\/index.php\/wp-json\/wp\/v2\/types\/post"}],"author":[{"embeddable":true,"href":"https:\/\/vedas-endurance.fr\/index.php\/wp-json\/wp\/v2\/users\/1"}],"replies":[{"embeddable":true,"href":"https:\/\/vedas-endurance.fr\/index.php\/wp-json\/wp\/v2\/comments?post=427"}],"version-history":[{"count":4,"href":"https:\/\/vedas-endurance.fr\/index.php\/wp-json\/wp\/v2\/posts\/427\/revisions"}],"predecessor-version":[{"id":435,"href":"https:\/\/vedas-endurance.fr\/index.php\/wp-json\/wp\/v2\/posts\/427\/revisions\/435"}],"wp:featuredmedia":[{"embeddable":true,"href":"https:\/\/vedas-endurance.fr\/index.php\/wp-json\/wp\/v2\/media\/430"}],"wp:attachment":[{"href":"https:\/\/vedas-endurance.fr\/index.php\/wp-json\/wp\/v2\/media?parent=427"}],"wp:term":[{"taxonomy":"category","embeddable":true,"href":"https:\/\/vedas-endurance.fr\/index.php\/wp-json\/wp\/v2\/categories?post=427"},{"taxonomy":"post_tag","embeddable":true,"href":"https:\/\/vedas-endurance.fr\/index.php\/wp-json\/wp\/v2\/tags?post=427"}],"curies":[{"name":"wp","href":"https:\/\/api.w.org\/{rel}","templated":true}]}}